{"id":780,"date":"2025-09-22T20:34:53","date_gmt":"2025-09-22T20:34:53","guid":{"rendered":"https:\/\/macale.com\/eventos\/?p=780"},"modified":"2025-09-22T20:34:53","modified_gmt":"2025-09-22T20:34:53","slug":"comenda-bernardo-mascarenhas-2019","status":"publish","type":"post","link":"https:\/\/macale.com\/eventos\/comenda-bernardo-mascarenhas-2019\/","title":{"rendered":"Comenda Bernardo Mascarenhas 2019"},"content":{"rendered":"\n<p style=\"font-size:17px\">No dia 07\/11\/2019 o s\u00f3cio fundador do Macal\u00e9, Jonas Pereira Bomtempo, recebeu uma das maiores honrarias de nossa cidade, atrav\u00e9s da Ag\u00eancia de Desenvolvimento de Juiz de Fora e regi\u00e3o. Em uma reuni\u00e3o da Ag\u00eancia, o nome do nosso fundador foi aprovado por unanimidade para ser agraciado com a Comenda Bernardo Mascarenhas, por ter contribu\u00eddo efetivamente com a\u00e7\u00f5es e trabalhos voltados para o desenvolvimento de nossa cidade e regi\u00e3o.<\/p>\n\n\n\n<p><\/p>\n","protected":false},"excerpt":{"rendered":"<p>No dia 07\/11\/2019 o s\u00f3cio fundador do Macal\u00e9, Jonas Pereira Bomtempo, recebeu uma das maiores honrarias de nossa cidade, atrav\u00e9s da Ag\u00eancia de Desenvolvimento de Juiz de Fora e regi\u00e3o. Em uma reuni\u00e3o da Ag\u00eancia, o nome do nosso fundador foi aprovado por unanimidade para ser agraciado com a Comenda Bernardo Mascarenhas, por ter contribu\u00eddo [&hellip;]<\/p>\n","protected":false},"author":1,"featured_media":781,"comment_status":"open","ping_status":"open","sticky":false,"template":"","format":"standard","meta":{"footnotes":""},"categories":[1],"tags":[],"class_list":["post-780","post","type-post","status-publish","format-standard","has-post-thumbnail","hentry","category-conteudo"],"_links":{"self":[{"href":"https:\/\/macale.com\/eventos\/wp-json\/wp\/v2\/posts\/780","targetHints":{"allow":["GET"]}}],"collection":[{"href":"https:\/\/macale.com\/eventos\/wp-json\/wp\/v2\/posts"}],"about":[{"href":"https:\/\/macale.com\/eventos\/wp-json\/wp\/v2\/types\/post"}],"author":[{"embeddable":true,"href":"https:\/\/macale.com\/eventos\/wp-json\/wp\/v2\/users\/1"}],"replies":[{"embeddable":true,"href":"https:\/\/macale.com\/eventos\/wp-json\/wp\/v2\/comments?post=780"}],"version-history":[{"count":1,"href":"https:\/\/macale.com\/eventos\/wp-json\/wp\/v2\/posts\/780\/revisions"}],"predecessor-version":[{"id":782,"href":"https:\/\/macale.com\/eventos\/wp-json\/wp\/v2\/posts\/780\/revisions\/782"}],"wp:featuredmedia":[{"embeddable":true,"href":"https:\/\/macale.com\/eventos\/wp-json\/wp\/v2\/media\/781"}],"wp:attachment":[{"href":"https:\/\/macale.com\/eventos\/wp-json\/wp\/v2\/media?parent=780"}],"wp:term":[{"taxonomy":"category","embeddable":true,"href":"https:\/\/macale.com\/eventos\/wp-json\/wp\/v2\/categories?post=780"},{"taxonomy":"post_tag","embeddable":true,"href":"https:\/\/macale.com\/eventos\/wp-json\/wp\/v2\/tags?post=780"}],"curies":[{"name":"wp","href":"https:\/\/api.w.org\/{rel}","templated":true}]}}